{"id":136,"date":"2024-10-01T21:57:04","date_gmt":"2024-10-01T21:57:04","guid":{"rendered":"http:\/\/serbia4youth.org\/?p=136"},"modified":"2024-09-23T19:17:44","modified_gmt":"2024-09-23T19:17:44","slug":"cbet-baixar","status":"publish","type":"post","link":"http:\/\/serbia4youth.org\/?p=136","title":{"rendered":"Cbet baixar"},"content":{"rendered":"<p><img decoding=\"async\" src=\"https:\/\/www.medicina.ufrj.br\/images\/NUMATS.png\" \/><\/p>\n<ul>\n<li>Voc\u00ea est\u00e1 aqui:<\/li>\n<li>In\u00edcio<img decoding=\"async\" src=\"https:\/\/www.medicina.ufrj.br\/media\/system\/images\/arrow.png\" \/><\/li>\n<li>INSTITUCIONAL<img decoding=\"async\" src=\"https:\/\/www.medicina.ufrj.br\/media\/system\/images\/arrow.png\" \/><\/li>\n<li>Pessoal <img decoding=\"async\" src=\"https:\/\/www.medicina.ufrj.br\/media\/system\/images\/arrow.png\" \/><\/li>\n<li>Docentes<img decoding=\"async\" src=\"https:\/\/www.medicina.ufrj.br\/media\/system\/images\/arrow.png\" \/><\/li>\n<li>Pediatria<\/li>\n<\/ul>\n<ul>\n<li>Hist\u00f3ria<\/li>\n<li>Diretoria<\/li>\n<li>Se\u00e7\u00f5es Administrativas<\/li>\n<li>Pessoal\n<ul>\n<li>Docentes<\/li>\n<li>T\u00e9cnicos Administrativos<\/li>\n<\/ul>\n<ul>\n<li>Documentos<\/li>\n<li>Composi\u00e7\u00e3o<\/li>\n<li>Calend\u00e1rio<\/li>\n<\/ul>\n<h2> Adriana Rodrigues Fonseca <\/h2>\n<p><strong>Professora Adjunta<\/strong><\/p>\n<p>Doutora e Mestre em Medicina (Cl\u00ednica M\u00e9dica &#8211; \u00c1rea de Concentra\u00e7\u00e3o em Sa\u00fade da Crian\u00e7a e do Adolescente) pela UFRJ. Professora Adjunta de Pediatria do Departamento de Pediatria da UFRJ. M\u00e9dica dos Servi\u00e7os de Emerg\u00eancia e de Reumatologia Pedi\u00e1trica do Instituto de Puericultura e Pediatria Martag\u00e3o Gesteira (IPPMG) \/ UFRJ. Secret\u00e1ria dos Departamentos Cient\u00edficos de Reumatologia Pedi\u00e1trica da SOPERJ e da Sociedade Brasileira de Pediatria (SBP) 2022-2024. Diretoria Executiva da SRRJ (Comiss\u00e3o de Reumatologia Pedi\u00e1trica 2023-2024). T\u00edtulo de Especialista em Pediatria (2005) e em Reumatologia Pedi\u00e1trica (2008) pela Sociedade Brasileira de Pediatria. Resid\u00eancia m\u00e9dica em Pediatria e Reumatologia Pedi\u00e1trica pela UFRJ.<\/p>\n<p> <strong>Lattes<\/strong><\/p>\n<p><strong>E-mail<\/strong>: <strong>Este endere\u00e7o de email est\u00e1 sendo protegido de spambots. Voc\u00ea precisa do JavaScript ativado para v\u00ea-lo.<\/strong> <\/p>\n<h2> Aline Chacon Pereira <\/h2>\n<p><strong>Professora Adjunta<\/strong><\/p>\n<p>Possui gradua\u00e7\u00e3o em Medicina pela Universidade Federal do Rio de Janeiro (2007), resid\u00eancia de Pediatria (2010) e Neuropediatria na UFRJ (2012) com t\u00edtulo de especialista pela SBNI (2012) e Neurofisiologista pela SBNC (2015). Mestrado em Cl\u00ednica M\u00e9dica em Sa\u00fade da Crian\u00e7a e do Adolescente pela UFRJ (2013) e Doutorado em andamento pela UFRJ. Professora Adjunta do Departamento de Pediatria da Faculdade de Medicina da UFRJ. Atualmente \u00e9 Neuropediatra, atua no IPPMG e Instituto Estadual do C\u00e9rebro Paulo Niemeyer (IECPN). Tem experi\u00eancia na \u00e1rea de Medicina, com \u00eanfase em Neuropediatria.<\/p>\n<p> <strong>Lattes<\/strong><\/p>\n<h2> Ana Lucia Ferreira <\/h2>\n<p><strong>Professora Associada<\/strong><\/p>\n<p>Gradua\u00e7\u00e3o em Medicina pela Universidade do Estado do Rio de Janeiro (1982), mestrado em Medicina &#8211; Pediatria &#8211; pela Universidade Federal do Rio de Janeiro (1992) e doutorado em Ci\u00eancias pela Escola Nacional de Sa\u00fade P\u00fablica (ENSP) da Funda\u00e7\u00e3o Oswaldo Cruz (2002). Professora Associada do Departamento de Pediatria da Faculdade de Medicina da Universidade Federal do Rio de Janeiro (UFRJ). Diretora Adjunta de Atividades Acad\u00eamicas do Instituto de Puericultura e Pediatria Martag\u00e3o Gesteira da UFRJ. Atua principalmente na \u00e1rea da viol\u00eancia contra crian\u00e7as e adolescentes.<\/p>\n<p> <strong>Lattes<\/strong><\/p>\n<h2> Ana Alice Amaral Ibiapina Parente <\/h2>\n<p><strong>Professora Associada<\/strong><\/p>\n<p>Possui Doutorado em Cl\u00ednica M\u00e9dica pela Universidade Federal do Rio de Janeiro (2008). Mestrado em Pediatria (1999). T\u00edtulo de Habilita\u00e7\u00e3o em Pneumologia Pedi\u00e1trica (1997). T\u00edtulo de Especialista em Medicina Intensiva com Habilita\u00e7\u00e3o em Terapia Intensiva Pedi\u00e1trica (1996). T\u00edtulo de Especialista em Pediatria (1992). Atua como Professora Associada da Pediatria no Instituto de Pediatria e Puericultura Martag\u00e3o Gesteira &#8211; UFRJ, desde 2015 at\u00e9 os dias atuais.<\/p>\n<p> <strong>Lattes<\/strong><\/p>\n<p><strong>E-mail<\/strong>: <strong>Este endere\u00e7o de email est\u00e1 sendo protegido de spambots. Voc\u00ea precisa do JavaScript ativado para v\u00ea-lo.<\/strong> <\/p>\n<h2> Antonio Jos\u00e9 Ledo Alves da Cunha <\/h2>\n<p><strong>Professor Titular<\/strong><\/p>\n<p>Possui gradua\u00e7\u00e3o em Medicina (1979) pela Universidade Federal do Rio de Janeiro (UFRJ), especializa\u00e7\u00e3o (Resid\u00eancia) em Pediatria (1982) pelo IPPMG-UFRJ), mestrado em Pediatria (1989) pela UFRJ, especializa\u00e7\u00e3o (Fellowship) em Epidemiologia Clinica (1992) pela University of North Carolina em Chapel Hill -UNC-CH, mestrado em Sa\u00fade P\u00fablica (Master of Public Health) (1992)- UNC-CH, doutorado em Epidemiologia (PhD) (1996) UNC-CH e especializa\u00e7\u00e3o em Gest\u00e3o Hospitalar (2005) e P\u00f3s-doutorado (2018) pela Escola Nacional de Sa\u00fade P\u00fablica -Fio Cruz. Participa da rede internacional INCLEN (International Clinical Epidemiology Network). Foi Presidente do LATINCLEN, rede regional para Am\u00e9rica Latina do INCLEN da qual ainda \u00e9 membro. Atualmente tamb\u00e9m \u00e9 membro da rede Cochrane. Atuou por diversas ocasi\u00f5es como assessor\/consultor da Organiza\u00e7\u00e3o Pan-Americana da Sa\u00fade e da Organiza\u00e7\u00e3o Mundial da Sa\u00fade. Colaborou ativamente com a implanta\u00e7\u00e3o da estrat\u00e9gia IMCI na Am\u00e9rica Latina e no Mundo. Na UFRJ foi Coordenador da Resid\u00eancia Medica do IPPMG, Chefe da Divis\u00e3o de Pesquisa do IPPMG, Chefe do Departamento de Pediatria da FM-UFRJ, diretor do IPPMG (2002-2006, Diretor da Faculdade de Medicina (2006-2011), e Vice-Reitor (2011-2015), Coordenador do Mestrado Acad\u00eamico em Sa\u00fade Materno Infantil do IPPMG (2016-2018). Participou do Programa de Lideran\u00e7a Executiva em &#8220;Early Childhood Development&#8221; da Universidade de Harvard (2016). Atualmente \u00e9 Professor Titular da Faculdade de Medicina, Departamento de Pediatria (UFRJ). Coordena o Laborat\u00f3rio Multidisciplinar de Epidemiologia e Sa\u00fade -LAMPES da UFRJ e a Coordena\u00e7\u00e3o de Projetos Especiais da Decania do Centro de Ci\u00eancias da Sa\u00fade da UFRJ. Atual Titular (2019-) da CATEDRA Carlos Chagas do Col\u00e9gio de Altos Estudos (CBAE) da UFRJ. Atua em v\u00e1rios programas de P\u00f3s-gradua\u00e7\u00e3o no pa\u00eds incluindo Programa de Cl\u00ednica M\u00e9dica da UFRJ (Conceito 7). Programa de Sa\u00fade Coletiva do IESC (Conceito 5). Tamb\u00e9m \u00e9 membro do Comit\u00ea Cientifico do N\u00facleo Ci\u00eancia Pela Inf\u00e2ncia (NCPI) e Pesquisador Associado do Centro Brasileiro de Pesquisa Aplicada \u00e0 Primeira Inf\u00e2ncia (CEPAPI). Desenvolve pesquisa utilizando o m\u00e9todo epidemiol\u00f3gico e a epidemiologia cl\u00ednica em diversas \u00e1reas da sa\u00fade. Tem experi\u00eancia na \u00e1rea de Medicina, com \u00eanfase em Sa\u00fade Materno-Infantil, desenvolvendo pesquisa principalmente nessa \u00e1rea. Em 2020 teve o nome citado entre os 160 mil cientistas ?mais influentes? do mundo, nos dois rankings publicados no peri\u00f3dico cient\u00edfico PLOS Biology (2020): o impacto ao longo da carreira (Tabela-S6-career-2019); e o impacto em 2019 (Tabela-S7-singleyr-2019). No primeiro ranking foi citado junto com aproximadamente 600 brasileiros.<\/p>\n<p> <strong>Lattes<\/strong><\/p>\n<ol>\n<li>Bruna Suzarte Campelo<\/li>\n<li>C\u00e1ssia Freire Vaz<\/li>\n<li>Edimilson Ramos Migowski de Carvalho<\/li>\n<li>Ekaterini Sim\u00f5es Goudouris<\/li>\n<\/ol>\n","protected":false},"excerpt":{"rendered":"<p>Voc\u00ea est\u00e1 aqui: In\u00edcio INSTITUCIONAL Pessoal Docentes Pediatria Hist\u00f3ria Diretoria Se\u00e7\u00f5es Administrativas Pessoal Docentes T\u00e9cnicos Administrativos Documentos Composi\u00e7\u00e3o Calend\u00e1rio Adriana&hellip;<\/p>\n","protected":false},"author":1,"featured_media":0,"comment_status":"open","ping_status":"","sticky":false,"template":"","format":"standard","meta":{"footnotes":""},"categories":[1],"tags":[],"class_list":["post-136","post","type-post","status-publish","format-standard","hentry","category-game"],"yoast_head":"<!-- This site is optimized with the Yoast SEO plugin v23.4 - https:\/\/yoast.com\/wordpress\/plugins\/seo\/ -->\n<title>Cbet baixar - serbia4youth<\/title>\n<meta name=\"robots\" content=\"index, follow, max-snippet:-1, max-image-preview:large, max-video-preview:-1\" \/>\n<link rel=\"canonical\" href=\"http:\/\/serbia4youth.org\/?p=136\" \/>\n<meta property=\"og:locale\" content=\"en_US\" \/>\n<meta property=\"og:type\" content=\"article\" \/>\n<meta property=\"og:title\" content=\"Cbet baixar - serbia4youth\" \/>\n<meta property=\"og:description\" content=\"Voc\u00ea est\u00e1 aqui: In\u00edcio INSTITUCIONAL Pessoal Docentes Pediatria Hist\u00f3ria Diretoria Se\u00e7\u00f5es Administrativas Pessoal Docentes T\u00e9cnicos Administrativos Documentos Composi\u00e7\u00e3o Calend\u00e1rio Adriana&hellip;\" \/>\n<meta property=\"og:url\" content=\"http:\/\/serbia4youth.org\/?p=136\" \/>\n<meta property=\"og:site_name\" content=\"serbia4youth\" \/>\n<meta property=\"article:published_time\" content=\"2024-10-01T21:57:04+00:00\" \/>\n<meta property=\"article:modified_time\" content=\"2024-09-23T19:17:44+00:00\" \/>\n<meta property=\"og:image\" content=\"https:\/\/www.medicina.ufrj.br\/images\/NUMATS.png\" \/>\n<meta name=\"author\" content=\"admin\" \/>\n<meta name=\"twitter:card\" content=\"summary_large_image\" \/>\n<meta name=\"twitter:label1\" content=\"Written by\" \/>\n\t<meta name=\"twitter:data1\" content=\"admin\" \/>\n\t<meta name=\"twitter:label2\" content=\"Est. reading time\" \/>\n\t<meta name=\"twitter:data2\" content=\"5 minutes\" \/>\n<script type=\"application\/ld+json\" class=\"yoast-schema-graph\">{\"@context\":\"https:\/\/schema.org\",\"@graph\":[{\"@type\":\"WebPage\",\"@id\":\"http:\/\/serbia4youth.org\/?p=136\",\"url\":\"http:\/\/serbia4youth.org\/?p=136\",\"name\":\"Cbet baixar - serbia4youth\",\"isPartOf\":{\"@id\":\"http:\/\/serbia4youth.org\/#website\"},\"primaryImageOfPage\":{\"@id\":\"http:\/\/serbia4youth.org\/?p=136#primaryimage\"},\"image\":{\"@id\":\"http:\/\/serbia4youth.org\/?p=136#primaryimage\"},\"thumbnailUrl\":\"https:\/\/www.medicina.ufrj.br\/images\/NUMATS.png\",\"datePublished\":\"2024-10-01T21:57:04+00:00\",\"dateModified\":\"2024-09-23T19:17:44+00:00\",\"author\":{\"@id\":\"http:\/\/serbia4youth.org\/#\/schema\/person\/5ecc596fea4bb72ac88a9cd623722083\"},\"breadcrumb\":{\"@id\":\"http:\/\/serbia4youth.org\/?p=136#breadcrumb\"},\"inLanguage\":\"en-US\",\"potentialAction\":[{\"@type\":\"ReadAction\",\"target\":[\"http:\/\/serbia4youth.org\/?p=136\"]}]},{\"@type\":\"ImageObject\",\"inLanguage\":\"en-US\",\"@id\":\"http:\/\/serbia4youth.org\/?p=136#primaryimage\",\"url\":\"https:\/\/www.medicina.ufrj.br\/images\/NUMATS.png\",\"contentUrl\":\"https:\/\/www.medicina.ufrj.br\/images\/NUMATS.png\"},{\"@type\":\"BreadcrumbList\",\"@id\":\"http:\/\/serbia4youth.org\/?p=136#breadcrumb\",\"itemListElement\":[{\"@type\":\"ListItem\",\"position\":1,\"name\":\"Home\",\"item\":\"http:\/\/serbia4youth.org\/\"},{\"@type\":\"ListItem\",\"position\":2,\"name\":\"Cbet baixar\"}]},{\"@type\":\"WebSite\",\"@id\":\"http:\/\/serbia4youth.org\/#website\",\"url\":\"http:\/\/serbia4youth.org\/\",\"name\":\"serbia4youth\",\"description\":\"\",\"potentialAction\":[{\"@type\":\"SearchAction\",\"target\":{\"@type\":\"EntryPoint\",\"urlTemplate\":\"http:\/\/serbia4youth.org\/?s={search_term_string}\"},\"query-input\":{\"@type\":\"PropertyValueSpecification\",\"valueRequired\":true,\"valueName\":\"search_term_string\"}}],\"inLanguage\":\"en-US\"},{\"@type\":\"Person\",\"@id\":\"http:\/\/serbia4youth.org\/#\/schema\/person\/5ecc596fea4bb72ac88a9cd623722083\",\"name\":\"admin\",\"image\":{\"@type\":\"ImageObject\",\"inLanguage\":\"en-US\",\"@id\":\"http:\/\/serbia4youth.org\/#\/schema\/person\/image\/\",\"url\":\"https:\/\/secure.gravatar.com\/avatar\/732bd81a12b42abd73da0381d09bf608dfceddb680c484bab8509c99d7f8371c?s=96&d=identicon&r=g\",\"contentUrl\":\"https:\/\/secure.gravatar.com\/avatar\/732bd81a12b42abd73da0381d09bf608dfceddb680c484bab8509c99d7f8371c?s=96&d=identicon&r=g\",\"caption\":\"admin\"},\"sameAs\":[\"http:\/\/serbia4youth.org\"],\"url\":\"http:\/\/serbia4youth.org\/?author=1\"}]}<\/script>\n<!-- \/ Yoast SEO plugin. -->","yoast_head_json":{"title":"Cbet baixar - serbia4youth","robots":{"index":"index","follow":"follow","max-snippet":"max-snippet:-1","max-image-preview":"max-image-preview:large","max-video-preview":"max-video-preview:-1"},"canonical":"http:\/\/serbia4youth.org\/?p=136","og_locale":"en_US","og_type":"article","og_title":"Cbet baixar - serbia4youth","og_description":"Voc\u00ea est\u00e1 aqui: In\u00edcio INSTITUCIONAL Pessoal Docentes Pediatria Hist\u00f3ria Diretoria Se\u00e7\u00f5es Administrativas Pessoal Docentes T\u00e9cnicos Administrativos Documentos Composi\u00e7\u00e3o Calend\u00e1rio Adriana&hellip;","og_url":"http:\/\/serbia4youth.org\/?p=136","og_site_name":"serbia4youth","article_published_time":"2024-10-01T21:57:04+00:00","article_modified_time":"2024-09-23T19:17:44+00:00","og_image":[{"url":"https:\/\/www.medicina.ufrj.br\/images\/NUMATS.png"}],"author":"admin","twitter_card":"summary_large_image","twitter_misc":{"Written by":"admin","Est. reading time":"5 minutes"},"schema":{"@context":"https:\/\/schema.org","@graph":[{"@type":"WebPage","@id":"http:\/\/serbia4youth.org\/?p=136","url":"http:\/\/serbia4youth.org\/?p=136","name":"Cbet baixar - serbia4youth","isPartOf":{"@id":"http:\/\/serbia4youth.org\/#website"},"primaryImageOfPage":{"@id":"http:\/\/serbia4youth.org\/?p=136#primaryimage"},"image":{"@id":"http:\/\/serbia4youth.org\/?p=136#primaryimage"},"thumbnailUrl":"https:\/\/www.medicina.ufrj.br\/images\/NUMATS.png","datePublished":"2024-10-01T21:57:04+00:00","dateModified":"2024-09-23T19:17:44+00:00","author":{"@id":"http:\/\/serbia4youth.org\/#\/schema\/person\/5ecc596fea4bb72ac88a9cd623722083"},"breadcrumb":{"@id":"http:\/\/serbia4youth.org\/?p=136#breadcrumb"},"inLanguage":"en-US","potentialAction":[{"@type":"ReadAction","target":["http:\/\/serbia4youth.org\/?p=136"]}]},{"@type":"ImageObject","inLanguage":"en-US","@id":"http:\/\/serbia4youth.org\/?p=136#primaryimage","url":"https:\/\/www.medicina.ufrj.br\/images\/NUMATS.png","contentUrl":"https:\/\/www.medicina.ufrj.br\/images\/NUMATS.png"},{"@type":"BreadcrumbList","@id":"http:\/\/serbia4youth.org\/?p=136#breadcrumb","itemListElement":[{"@type":"ListItem","position":1,"name":"Home","item":"http:\/\/serbia4youth.org\/"},{"@type":"ListItem","position":2,"name":"Cbet baixar"}]},{"@type":"WebSite","@id":"http:\/\/serbia4youth.org\/#website","url":"http:\/\/serbia4youth.org\/","name":"serbia4youth","description":"","potentialAction":[{"@type":"SearchAction","target":{"@type":"EntryPoint","urlTemplate":"http:\/\/serbia4youth.org\/?s={search_term_string}"},"query-input":{"@type":"PropertyValueSpecification","valueRequired":true,"valueName":"search_term_string"}}],"inLanguage":"en-US"},{"@type":"Person","@id":"http:\/\/serbia4youth.org\/#\/schema\/person\/5ecc596fea4bb72ac88a9cd623722083","name":"admin","image":{"@type":"ImageObject","inLanguage":"en-US","@id":"http:\/\/serbia4youth.org\/#\/schema\/person\/image\/","url":"https:\/\/secure.gravatar.com\/avatar\/732bd81a12b42abd73da0381d09bf608dfceddb680c484bab8509c99d7f8371c?s=96&d=identicon&r=g","contentUrl":"https:\/\/secure.gravatar.com\/avatar\/732bd81a12b42abd73da0381d09bf608dfceddb680c484bab8509c99d7f8371c?s=96&d=identicon&r=g","caption":"admin"},"sameAs":["http:\/\/serbia4youth.org"],"url":"http:\/\/serbia4youth.org\/?author=1"}]}},"_links":{"self":[{"href":"http:\/\/serbia4youth.org\/index.php?rest_route=\/wp\/v2\/posts\/136","targetHints":{"allow":["GET"]}}],"collection":[{"href":"http:\/\/serbia4youth.org\/index.php?rest_route=\/wp\/v2\/posts"}],"about":[{"href":"http:\/\/serbia4youth.org\/index.php?rest_route=\/wp\/v2\/types\/post"}],"author":[{"embeddable":true,"href":"http:\/\/serbia4youth.org\/index.php?rest_route=\/wp\/v2\/users\/1"}],"replies":[{"embeddable":true,"href":"http:\/\/serbia4youth.org\/index.php?rest_route=%2Fwp%2Fv2%2Fcomments&post=136"}],"version-history":[{"count":1,"href":"http:\/\/serbia4youth.org\/index.php?rest_route=\/wp\/v2\/posts\/136\/revisions"}],"predecessor-version":[{"id":137,"href":"http:\/\/serbia4youth.org\/index.php?rest_route=\/wp\/v2\/posts\/136\/revisions\/137"}],"wp:attachment":[{"href":"http:\/\/serbia4youth.org\/index.php?rest_route=%2Fwp%2Fv2%2Fmedia&parent=136"}],"wp:term":[{"taxonomy":"category","embeddable":true,"href":"http:\/\/serbia4youth.org\/index.php?rest_route=%2Fwp%2Fv2%2Fcategories&post=136"},{"taxonomy":"post_tag","embeddable":true,"href":"http:\/\/serbia4youth.org\/index.php?rest_route=%2Fwp%2Fv2%2Ftags&post=136"}],"curies":[{"name":"wp","href":"https:\/\/api.w.org\/{rel}","templated":true}]}}